{"id":365,"date":"2026-09-02T20:09:24","date_gmt":"2026-09-02T18:09:24","guid":{"rendered":"https:\/\/quartier-carnot.fr\/?p=365"},"modified":"2026-09-02T20:09:25","modified_gmt":"2026-09-02T18:09:25","slug":"carnot-a-dessins-2026","status":"publish","type":"post","link":"https:\/\/quartier-carnot.fr\/index.php\/2026\/09\/02\/carnot-a-dessins-2026\/","title":{"rendered":"Carnot \u00e0 dessins 2026"},"content":{"rendered":"\n<p class=\"wp-block-paragraph\">L\u2019association QUARTIER CARNOT organise, le Samedi 26 Septembre, la troisi\u00e8me \u00e9dition de son vide-ateliers d\u2019artistes : <strong>Le Carnot \u00e0 Dessins<\/strong>. Plus d\u2019informations sur notre page d\u00e9di\u00e9e: <a href=\"https:\/\/quartier-carnot.fr\/index.php\/evenements\/carnot-a-dessins\/carnot-a-dessins-2026\/\" data-type=\"page\" data-id=\"356\">Carnot \u00e0 dessins 2026<\/a>. Et pour un retour de notre \u00e9dition pr\u00e9c\u00e9dente, c&rsquo;est <a href=\"https:\/\/quartier-carnot.fr\/index.php\/2025\/09\/15\/carnot-a-dessins-2025\/\" data-type=\"post\" data-id=\"187\">par ici.<\/a><\/p>\n\n\n\n<figure class=\"wp-block-image size-large\"><img loading=\"lazy\" decoding=\"async\" width=\"724\" height=\"1024\" src=\"https:\/\/quartier-carnot.fr\/wp-content\/uploads\/2026\/09\/Affiche-A4-Carnot-a-dessins-2026-21-x-29.7-cm-724x1024.jpg\" alt=\"\" class=\"wp-image-361\" srcset=\"https:\/\/quartier-carnot.fr\/wp-content\/uploads\/2026\/09\/Affiche-A4-Carnot-a-dessins-2026-21-x-29.7-cm-724x1024.jpg 724w, https:\/\/quartier-carnot.fr\/wp-content\/uploads\/2026\/09\/Affiche-A4-Carnot-a-dessins-2026-21-x-29.7-cm-212x300.jpg 212w, https:\/\/quartier-carnot.fr\/wp-content\/uploads\/2026\/09\/Affiche-A4-Carnot-a-dessins-2026-21-x-29.7-cm-768x1087.jpg 768w, https:\/\/quartier-carnot.fr\/wp-content\/uploads\/2026\/09\/Affiche-A4-Carnot-a-dessins-2026-21-x-29.7-cm-1086x1536.jpg 1086w, https:\/\/quartier-carnot.fr\/wp-content\/uploads\/2026\/09\/Affiche-A4-Carnot-a-dessins-2026-21-x-29.7-cm-1448x2048.jpg 1448w, https:\/\/quartier-carnot.fr\/wp-content\/uploads\/2026\/09\/Affiche-A4-Carnot-a-dessins-2026-21-x-29.7-cm-scaled.jpg 1809w\" sizes=\"auto, (max-width: 724px) 100vw, 724px\" \/><\/figure>\n\n\n\n<p class=\"wp-block-paragraph\"><\/p>\n","protected":false},"excerpt":{"rendered":"<p>L\u2019association QUARTIER CARNOT organise, le Samedi 26 Septembre, la troisi\u00e8me \u00e9dition de son vide-ateliers d\u2019artistes : Le Carnot \u00e0 Dessins. Plus d\u2019informations sur notre page d\u00e9di\u00e9e: Carnot \u00e0 dessins 2026. Et pour un retour de notre \u00e9dition pr\u00e9c\u00e9dente, c&rsquo;est par<\/p>\n","protected":false},"author":3,"featured_media":0,"comment_status":"closed","ping_status":"closed","sticky":false,"template":"","format":"standard","meta":{"footnotes":""},"categories":[4],"tags":[7,26],"class_list":["post-365","post","type-post","status-publish","format-standard","hentry","category-actualite","tag-carnot","tag-dessins"],"_links":{"self":[{"href":"https:\/\/quartier-carnot.fr\/index.php\/wp-json\/wp\/v2\/posts\/365","targetHints":{"allow":["GET"]}}],"collection":[{"href":"https:\/\/quartier-carnot.fr\/index.php\/wp-json\/wp\/v2\/posts"}],"about":[{"href":"https:\/\/quartier-carnot.fr\/index.php\/wp-json\/wp\/v2\/types\/post"}],"author":[{"embeddable":true,"href":"https:\/\/quartier-carnot.fr\/index.php\/wp-json\/wp\/v2\/users\/3"}],"replies":[{"embeddable":true,"href":"https:\/\/quartier-carnot.fr\/index.php\/wp-json\/wp\/v2\/comments?post=365"}],"version-history":[{"count":1,"href":"https:\/\/quartier-carnot.fr\/index.php\/wp-json\/wp\/v2\/posts\/365\/revisions"}],"predecessor-version":[{"id":366,"href":"https:\/\/quartier-carnot.fr\/index.php\/wp-json\/wp\/v2\/posts\/365\/revisions\/366"}],"wp:attachment":[{"href":"https:\/\/quartier-carnot.fr\/index.php\/wp-json\/wp\/v2\/media?parent=365"}],"wp:term":[{"taxonomy":"category","embeddable":true,"href":"https:\/\/quartier-carnot.fr\/index.php\/wp-json\/wp\/v2\/categories?post=365"},{"taxonomy":"post_tag","embeddable":true,"href":"https:\/\/quartier-carnot.fr\/index.php\/wp-json\/wp\/v2\/tags?post=365"}],"curies":[{"name":"wp","href":"https:\/\/api.w.org\/{rel}","templated":true}]}}